[{"@context":"https:\/\/schema.org\/","@type":"Article","@id":"https:\/\/www.folitec.cz\/vypadavani-vlasu-nic-prijemneho\/#Article","mainEntityOfPage":"https:\/\/www.folitec.cz\/vypadavani-vlasu-nic-prijemneho\/","headline":"Vypad\u00e1v\u00e1n\u00ed vlas\u016f \u2013 nic p\u0159\u00edjemn\u00e9ho!","name":"Vypad\u00e1v\u00e1n\u00ed vlas\u016f \u2013 nic p\u0159\u00edjemn\u00e9ho!","description":"Ka\u017ed\u00fd \u010dlov\u011bk by m\u011bl b\u00fdt hrd\u00fd na to, jak vypad\u00e1<span class=\"more-dots\"><a href=\"https:\/\/www.folitec.cz\/vypadavani-vlasu-nic-prijemneho\/\">[ ... ]<\/span><\/a>","datePublished":"2019-01-17","dateModified":"2023-04-29","author":{"@type":"Person","@id":"https:\/\/www.folitec.cz\/author\/#Person","name":"","url":"https:\/\/www.folitec.cz\/author\/","identifier":1,"image":{"@type":"ImageObject","@id":"https:\/\/secure.gravatar.com\/avatar\/d81a95b988e562d8ac0fc1eb5578e43f924bf78e85c5259f0dcab44a306610fa?s=96&d=mm&r=g","url":"https:\/\/secure.gravatar.com\/avatar\/d81a95b988e562d8ac0fc1eb5578e43f924bf78e85c5259f0dcab44a306610fa?s=96&d=mm&r=g","height":96,"width":96}},"publisher":{"@type":"Organization","name":"folitec.cz","logo":{"@type":"ImageObject","@id":"\/logo.png","url":"\/logo.png","width":600,"height":60}},"image":{"@type":"ImageObject","@id":"https:\/\/www.folitec.cz\/wp-content\/uploads\/img_a339731_w2510_t1552832041.jpg","url":"https:\/\/www.folitec.cz\/wp-content\/uploads\/img_a339731_w2510_t1552832041.jpg","height":0,"width":0},"url":"https:\/\/www.folitec.cz\/vypadavani-vlasu-nic-prijemneho\/","about":["Sport"],"wordCount":534,"articleBody":"Ka\u017ed\u00fd \u010dlov\u011bk by m\u011bl b\u00fdt hrd\u00fd na to, jak vypad\u00e1 a b\u00fdt si v\u011bdom\u00fd sv\u00fdch p\u0159ednost\u00ed, kter\u00e9 m\u00e1. Ne v\u0161ichni dostaneme po na\u0161em narozen\u00ed stejn\u00fd pod\u00edl kr\u00e1sy, tak\u017ee je zcela pochopiteln\u00e9, \u017ee se mnoho lid\u00ed tr\u00e1p\u00ed t\u00edm, \u017ee m\u00e1 na sob\u011b i jist\u00e9 nedostatky.\tPokud se v\u0161ak jedn\u00e1 o vlasy, kter\u00e9 jsou d\u016fle\u017eit\u00e9 pro mu\u017ee a \u017eeny naprosto stejn\u011b, je na m\u00edst\u011b v\u011bnovat se probl\u00e9mu, jak\u00fdm je jejich vypad\u00e1v\u00e1n\u00ed a tedy zanedban\u00fd vzhled.\tCo m\u016f\u017ee za nadm\u011brn\u00e9 vypad\u00e1v\u00e1n\u00ed vlas\u016f?\tV prvn\u00ed \u0159ad\u011b je d\u016fle\u017eit\u00e9 poznamenat, \u017ee ka\u017ed\u00e9mu z n\u00e1s vypadne za jeden den hned n\u011bkolik vlas\u016f, a\u0165 u\u017e jsou zdrav\u00e9 nebo ne.\tTento p\u0159irozen\u00fd jev se v\u0161ak st\u00e1v\u00e1 alarmuj\u00edc\u00ed v p\u0159\u00edpad\u011b, kdy je t\u011bch vlas\u016f, co vypadnou pom\u011brn\u011b hodn\u011b \u2013 tedy v\u00edce, ne\u017e je p\u0159ijateln\u00e9. Jestli na sob\u011b pozorujete u\u017e od dob va\u0161eho ml\u00e1d\u00ed, \u017ee va\u0161ich vlas\u016f m\u00e1te m\u00e1lo a jejich vypad\u00e1v\u00e1n\u00ed je pro v\u00e1s ka\u017edodenn\u00edm probl\u00e9mem, m\u016f\u017ee se jednat o takzvanou genetickou dispozici. V takov\u00e9m p\u0159\u00edpad\u011b bude t\u011b\u017ek\u00e9 bojovat s t\u00edm, abyste do budoucna m\u011bli hustou h\u0159\u00edvu a\u00a0 vlasy, kter\u00e9 by v\u00e1m ka\u017ed\u00fd z\u00e1vid\u011bl.\tOpa\u010dn\u00fd probl\u00e9m v\u0161ak m\u016f\u017ee nastat, pokud si v\u0161imnete n\u00e1hl\u00e9 zm\u011bny na va\u0161ich vlasech, kter\u00e9 v\u00e1m posledn\u00ed dobou za\u010daly podstatn\u011b \u0159\u00eddnout. M\u016f\u017ee za t\u00edm b\u00fdt \u0159ada okolnost\u00ed, kter\u00e9 tomu p\u0159edch\u00e1z\u00ed, ale i t\u011bch, za kter\u00e9 si m\u016f\u017eete vy sami.\t\u017divotn\u00ed styl jako probl\u00e9m \u010d\u00edslo jedna\tNepodce\u0148ujte to, jak\u00fd styl \u017eivota vedete. M\u016f\u017ee m\u00edt toti\u017e za n\u00e1sledek celkov\u00fd v\u00e1\u0161 vzhled a kr\u00e1su va\u0161ich vlas\u016f. J\u00eddlo je nejv\u011bt\u0161\u00edm probl\u00e9mem, kter\u00fd v\u00e1m va\u0161i chloubu na hlav\u011b m\u016f\u017ee p\u0159iv\u00e9st do katastrof\u00e1ln\u00edho stavu. Polotovar\u016fm a rychl\u00e9mu ob\u010derstven\u00ed, byste se tedy m\u011bli rozhodn\u011b vyh\u00fdbat.\tRovn\u011b\u017e je nepostradateln\u00e9 i to, jestli sp\u00edte dob\u0159e a dostate\u010dn\u011b dlouho. Nejv\u00edce ohro\u017euj\u00edc\u00edm faktorem v\u0161ak b\u00fdv\u00e1 stres. Ten v\u00e1m m\u016f\u017ee zp\u016fsobit nejen zhor\u0161en\u00ed vzhledu va\u0161ich vlas\u016f, ale i nep\u0159\u00edjemn\u00e9 pot\u00ed\u017ee, jak\u00fdmi jsou lysiny ve vlasech nebo ple\u0161at\u011bn\u00ed.\tVitam\u00edny, kter\u00e9 vlas\u016fm dop\u0159ejte\tNa trhu je \u0159ada kosmetick\u00fdch p\u0159\u00edpravk\u016f, kter\u00e9 v\u00e1m vlasov\u00e1 vl\u00e1kna a ko\u0159\u00ednky pos\u00edl\u00ed a pom\u016f\u017eou v\u00e1m k jejich r\u016fstu a v\u011bt\u0161\u00edmu objemu. V mnoha p\u0159\u00edpadech je v\u0161ak \u00fa\u010dinn\u011bj\u0161\u00ed, dop\u0159\u00e1t va\u0161im vlas\u016fm pot\u0159ebn\u00e9 vitam\u00edny, jak\u00fdmi jsou D, C, B5, B6 a nejv\u00edce d\u016fle\u017eit\u00fd BIOTIN. D\u00edky t\u011bmto vitam\u00edn\u016fm, kter\u00e9 obsahuj\u00ed i p\u0159\u00edpravky na vlasy, jim dop\u0159ejete pot\u0159ebnou p\u00e9\u010di a doc\u00edl\u00edte toho, aby v\u00e1m nevypad\u00e1valy v takov\u00e9m mno\u017estv\u00ed.                                                                                                                                                                                                                                                                                                                                                                                        3.9\/5 - (9 votes)        "},{"@context":"https:\/\/schema.org\/","@type":"BreadcrumbList","itemListElement":[{"@type":"ListItem","position":1,"name":"Vypad\u00e1v\u00e1n\u00ed vlas\u016f \u2013 nic p\u0159\u00edjemn\u00e9ho!","item":"https:\/\/www.folitec.cz\/vypadavani-vlasu-nic-prijemneho\/#breadcrumbitem"}]}]