[{"@context":"https:\/\/schema.org\/","@type":"Article","@id":"https:\/\/www.folitec.cz\/uz-se-nechci-stehovat-kdo-my-pomuze\/#Article","mainEntityOfPage":"https:\/\/www.folitec.cz\/uz-se-nechci-stehovat-kdo-my-pomuze\/","headline":"U\u017e se nechci st\u011bhovat! Kdo my pom\u016f\u017ee?","name":"U\u017e se nechci st\u011bhovat! Kdo my pom\u016f\u017ee?","description":"J\u00e1 u\u017e se nechci st\u011bhovat, nena\u0161el jsem nikoho kdo by<span class=\"more-dots\"><a href=\"https:\/\/www.folitec.cz\/uz-se-nechci-stehovat-kdo-my-pomuze\/\">[ ... ]<\/span><\/a>","datePublished":"2021-11-06","dateModified":"2023-04-29","author":{"@type":"Person","@id":"https:\/\/www.folitec.cz\/author\/#Person","name":"","url":"https:\/\/www.folitec.cz\/author\/","identifier":1,"image":{"@type":"ImageObject","@id":"https:\/\/secure.gravatar.com\/avatar\/d81a95b988e562d8ac0fc1eb5578e43f924bf78e85c5259f0dcab44a306610fa?s=96&d=mm&r=g","url":"https:\/\/secure.gravatar.com\/avatar\/d81a95b988e562d8ac0fc1eb5578e43f924bf78e85c5259f0dcab44a306610fa?s=96&d=mm&r=g","height":96,"width":96}},"publisher":{"@type":"Organization","name":"folitec.cz","logo":{"@type":"ImageObject","@id":"\/logo.png","url":"\/logo.png","width":600,"height":60}},"image":{"@type":"ImageObject","@id":"https:\/\/www.folitec.cz\/wp-content\/uploads\/1-1.jpg","url":"https:\/\/www.folitec.cz\/wp-content\/uploads\/1-1.jpg","height":0,"width":0},"url":"https:\/\/www.folitec.cz\/uz-se-nechci-stehovat-kdo-my-pomuze\/","about":["V\u00fdrobky"],"wordCount":532,"articleBody":"        J\u00e1 u\u017e se nechci st\u011bhovat, nena\u0161el jsem nikoho kdo by mi n\u011bco nezni\u010dil, a kdo se s t\u00edm furt m\u00e1 tahat? Soused taky nen\u00ed furt doma? St\u011bhov\u00e1n\u00ed Mamut v\u00e1s zachr\u00e1n\u00ed! U\u017e v\u00e1m z toho \u0161ednou vlasy? Bydl\u00edte na Praze 14 nebo tam s\u00eddl\u00ed va\u0161e firma? Kdo by na to m\u011bl furt n\u00e1ladu, aby se neust\u00e1le musel st\u011bhovat a sh\u00e1n\u011bt, a prosit kamar\u00e1dy kte\u0159\u00ed by mu s t\u00edm pomohli. Nav\u00edc pokud je je\u0161t\u011b v cest\u011b schodi\u0161t\u011b, no tak to pot\u011b\u0161 teda! Kolik chlap\u016f na to bude muset b\u00fdt pot\u0159eba, si neust\u00e1le v hlav\u011b p\u0159em\u00edt\u00e1te. Kolik jim za to budu muset d\u00e1t, proto\u017ee zadarmo v\u00e1m to asi nikdo v dne\u0161n\u00ed dob\u011b d\u011blat nebude. A co, kdy\u017e nebudou m\u00edt \u010das, a j\u00e1 u\u017e to budu m\u00edt zabalen\u00e9?To my to doma bude le\u017eet je\u0161t\u011b dal\u0161\u00ed t\u00fdden, a budu o to neust\u00e1le zakop\u00e1vat? Dost! Zapome\u0148te na tyto my\u0161lenky, proto\u017ee na sc\u00e9nu p\u0159ich\u00e1z\u00edme my! St\u011bhov\u00e1n\u00ed Mamut v\u00e1s zachr\u00e1n\u00ed, a nenech\u00e1 v\u00e1s ve \u0161tychu. Pro\u010d se t\u00edmto v\u016fbec zab\u00fdvat, kdy\u017e v\u00e1m v tom m\u016f\u017ee pomoci firma ve, kter\u00e9 pracuj\u00ed prof\u00edci ve sv\u00e9m oboru. Zajist\u00e9 v\u00e1m se v\u0161\u00edm mile r\u00e1di porad\u00edme. Tak\u017ee va\u0161e no\u010dn\u00ed m\u016fry pominou. Jestli\u017ee jste nav\u00edc firma, kter\u00e1 se pot\u0159ebuje p\u0159est\u011bhovat do nov\u00fdch prostor v Praze 14, tak to tak\u00e9 um\u00edme za\u0159\u00eddit. A m\u00e1te t\u011b\u017ek\u00e9 stroje? To um\u00edme t\u00e9\u017e! Na co je\u0161t\u011b tedy v\u00e1hat, a dlouze se rozm\u00fd\u0161let? Nav\u00edc nab\u00edz\u00edme mo\u017enost nez\u00e1vazn\u00e9 popt\u00e1vky, kter\u00e1 v\u00e1m uk\u00e1\u017ee kolik byste mohli za na\u0161e slu\u017eby zaplatit.A jak takov\u00e9 st\u011bhov\u00e1n\u00ed praha 14 https:\/\/stehovani-mamut.cz\/stehovani-praha-14\/ s n\u00e1mi prob\u00edh\u00e1? \u00dapln\u011b jednodu\u0161e! P\u0159ijede k v\u00e1m n\u00e1\u0161 kolega, kter\u00fd si v\u0161e bedliv\u011b zap\u00ed\u0161e do nejmen\u0161\u00edho detailu, zvol\u00ed tu nejlep\u0161\u00ed techniku, kter\u00e1 bude pro v\u00e1s tou nejvhodn\u011bj\u0161\u00ed, a vy se nav\u00edc dozv\u00edte cenu. No nen\u00ed to ide\u00e1ln\u00ed \u0159e\u0161en\u00ed pro ka\u017ed\u00e9ho? Tak na co je\u0161t\u011b \u010dek\u00e1te? Na\u0161e ceny jsou velmi v\u00fdhodn\u00e9, a zal\u00edb\u00ed se opravdu ka\u017ed\u00e9mu. A abyste si nemysleli, \u017ee kupujete zaj\u00edce v pytli tak m\u00e1me kr\u00e1snou galerii na\u0161\u00ed pr\u00e1ce, kterou tolik milujeme! Uvid\u00edte i st\u011bhov\u00e1n\u00ed soch se kter\u00fdmi, se mus\u00ed zach\u00e1zet opravdu opatrn\u011b! P\u0159ece v 21. stolet\u00ed s t\u00edm nechce nikdo ztr\u00e1cet \u010das! \u010cas jsou pen\u00edze, a my v\u00e1m je chceme po\u0159\u00e1dn\u011b u\u0161et\u0159it, a hlavn\u011b ty starosti! Nebo snad v\u00edte o n\u011bkom, kdo na\u0161e slu\u017eby tak\u00e9 pot\u0159ebuje? Tak do na n\u00e1s odka\u017ete, a my mu v\u0161e r\u00e1di vysv\u011btl\u00edme. A\u0165 pot\u0159ebujeme cokoliv, postar\u00e1me se o to.                                                                                                                                                                                                                                                                                                                                                                                          3.7\/5 - (12 votes)        "},{"@context":"https:\/\/schema.org\/","@type":"BreadcrumbList","itemListElement":[{"@type":"ListItem","position":1,"name":"U\u017e se nechci st\u011bhovat! Kdo my pom\u016f\u017ee?","item":"https:\/\/www.folitec.cz\/uz-se-nechci-stehovat-kdo-my-pomuze\/#breadcrumbitem"}]}]