[{"@context":"https:\/\/schema.org\/","@type":"Article","@id":"https:\/\/www.folitec.cz\/sidlo-pro-podnikatele\/#Article","mainEntityOfPage":"https:\/\/www.folitec.cz\/sidlo-pro-podnikatele\/","headline":"S\u00eddlo pro podnikatele","name":"S\u00eddlo pro podnikatele","description":"Je opravdu mnoho zp\u016fsob\u016f, jak a v \u010dem \u010dlov\u011bk m\u016f\u017ee<span class=\"more-dots\"><a href=\"https:\/\/www.folitec.cz\/sidlo-pro-podnikatele\/\">[ ... ]<\/span><\/a>","datePublished":"2022-11-28","dateModified":"2022-11-28","author":{"@type":"Person","@id":"https:\/\/www.folitec.cz\/author\/#Person","name":"","url":"https:\/\/www.folitec.cz\/author\/","identifier":1,"image":{"@type":"ImageObject","@id":"https:\/\/secure.gravatar.com\/avatar\/d81a95b988e562d8ac0fc1eb5578e43f924bf78e85c5259f0dcab44a306610fa?s=96&d=mm&r=g","url":"https:\/\/secure.gravatar.com\/avatar\/d81a95b988e562d8ac0fc1eb5578e43f924bf78e85c5259f0dcab44a306610fa?s=96&d=mm&r=g","height":96,"width":96}},"publisher":{"@type":"Organization","name":"folitec.cz","logo":{"@type":"ImageObject","@id":"\/logo.png","url":"\/logo.png","width":600,"height":60}},"image":{"@type":"ImageObject","@id":"https:\/\/www.folitec.cz\/wp-content\/uploads\/profit-1139073_960_720_1.jpg","url":"https:\/\/www.folitec.cz\/wp-content\/uploads\/profit-1139073_960_720_1.jpg","height":0,"width":0},"url":"https:\/\/www.folitec.cz\/sidlo-pro-podnikatele\/","about":["Slu\u017eby"],"wordCount":418,"articleBody":"   Je opravdu mnoho zp\u016fsob\u016f, jak a v \u010dem \u010dlov\u011bk m\u016f\u017ee podnikat. J\u00e1 jsem v\u017edycky byla zast\u00e1ncem toho, \u017ee \u010dlov\u011bk se m\u00e1 taky prvn\u011b ud\u011blat n\u011bjak\u00fd kvalitn\u00ed a po\u0159\u00e1dn\u00fd pr\u016fzkum, \u010deho je na trhu nedostatek a v tom pr\u00e1v\u011b potom podnikat. Proto\u017ee opravdu nem\u00e1 smysl podnikat v tom, \u010deho toho v okol\u00ed opravdu moc. A to nap\u0159\u00edklad jako t\u0159eba kade\u0159nictv\u00ed anebo kosmetika. A v na\u0161e m\u011bst\u011b, kter\u00e9 m\u00e1 dvan\u00e1ct tis\u00edc obyvatel je t\u0159icet kade\u0159nictv\u00ed a patn\u00e1ct kosmetick\u00fdch studi\u00ed. Podle m\u00e9ho n\u00e1zoru je to opravdu hodn\u011b. A kdy\u017e si vezmete, \u017ee polovina lid\u00ed je t\u0159eba nap\u0159\u00edklad \u017eeny a dal\u0161\u00ed polovina z toho nechod\u00ed v\u016fbec ke kosmeti\u010dce, tak nech\u00e1pu, jak se ty kosmetick\u00e1 studia nebo kade\u0159nice taky mohu u\u017eivit. M\u011b potom tedy je sice logick\u00e9, \u017ee tyto salony mohou \u0161et\u0159it s t\u00edm, \u017ee by si t\u0159eba po\u0159\u00eddili virtu\u00e1ln\u00ed s\u00eddlo v Brn\u011b.A mluv\u00edm o brn\u011bnsk\u00e9m virtu\u00e1ln\u00edm s\u00eddle, proto\u017ee tam chce podnikat m\u016fj p\u0159\u00edtel. On sice tedy nechce m\u00edt kade\u0159nictv\u00ed nebo kosmetick\u00e9 studio, ale p\u0159itom chce podnikat s n\u00e1\u0159ad\u00edm a taky se slu\u017ebami. Chce pracovat tak, jako n\u011bco na zp\u016fsob hodinov\u00e9ho man\u017eela. Jist\u011b zn\u00e1te pr\u00e1ci hodinov\u00e9ho man\u017eela. A proto\u017ee m\u016fj p\u0159\u00edtel je velice \u0161ikovn\u00fd a m\u00e1 velkou trp\u011blivost a je zru\u010dn\u00fd, tak\u017ee tyto slu\u017eby by pro n\u011bj byly opravdu ide\u00e1ln\u00ed. M\u011b by se tohle taky l\u00edbilo, tak\u017ee jsem tohle p\u0159\u00edteli odsouhlasila.A aby u\u0161et\u0159il hodn\u011b pen\u011bz, tak nebude m\u00edt fyzickou kancel\u00e1\u0159, ale bude m\u00edt virtu\u00e1ln\u00ed s\u00eddlo v Brn\u011b. Tato firma, kter\u00e1 se zab\u00fdv\u00e1 virtu\u00e1ln\u00edm s\u00eddle v\u00e1m ud\u011bl\u00e1 ud\u011blat virtu\u00e1ln\u00ed s\u00eddlo opravdu levn\u011b, skoro a\u017e zadarmo, skoro nebudete nic platit. Pod\u00edvejte se sami na jejich str\u00e1nky a uvid\u00edte, jak se tohle v\u0161echno vyplat\u00ed, kdy\u017e budete postupovat podle jejich rad a budete dodr\u017eovat pravidla skv\u011bl\u00e9ho podnik\u00e1n\u00ed, tak potom v\u011b\u0159te, \u017ee se v\u00e1m bude samoz\u0159ejm\u011b hodn\u011b da\u0159it. Je mnoho zp\u016fsobu, jak zalo\u017eit firmu nebo spole\u010dnost a m\u00edt t\u0159eba taky nap\u0159\u00edklad virtu\u00e1ln\u00ed s\u00eddlo v Brn\u011b.                                                                                                                                                                                                                                                                                                                                                                                          4.3\/5 - (3 votes)        "},{"@context":"https:\/\/schema.org\/","@type":"BreadcrumbList","itemListElement":[{"@type":"ListItem","position":1,"name":"S\u00eddlo pro podnikatele","item":"https:\/\/www.folitec.cz\/sidlo-pro-podnikatele\/#breadcrumbitem"}]}]