[{"@context":"https:\/\/schema.org\/","@type":"Article","@id":"https:\/\/www.folitec.cz\/pekne-zuby\/#Article","mainEntityOfPage":"https:\/\/www.folitec.cz\/pekne-zuby\/","headline":"P\u011bkn\u00e9 zuby","name":"P\u011bkn\u00e9 zuby","description":"Chod\u00edte pravideln\u011b i na zubn\u00ed prohl\u00eddky? Pokud ano, tak d\u011bl\u00e1te<span class=\"more-dots\"><a href=\"https:\/\/www.folitec.cz\/pekne-zuby\/\">[ ... ]<\/span><\/a>","datePublished":"2022-09-10","dateModified":"2023-04-29","author":{"@type":"Person","@id":"https:\/\/www.folitec.cz\/author\/#Person","name":"","url":"https:\/\/www.folitec.cz\/author\/","identifier":1,"image":{"@type":"ImageObject","@id":"https:\/\/secure.gravatar.com\/avatar\/d81a95b988e562d8ac0fc1eb5578e43f924bf78e85c5259f0dcab44a306610fa?s=96&d=mm&r=g","url":"https:\/\/secure.gravatar.com\/avatar\/d81a95b988e562d8ac0fc1eb5578e43f924bf78e85c5259f0dcab44a306610fa?s=96&d=mm&r=g","height":96,"width":96}},"publisher":{"@type":"Organization","name":"folitec.cz","logo":{"@type":"ImageObject","@id":"\/logo.png","url":"\/logo.png","width":600,"height":60}},"image":{"@type":"ImageObject","@id":"https:\/\/www.folitec.cz\/wp-content\/uploads\/teeth-1743981_960_720.jpg","url":"https:\/\/www.folitec.cz\/wp-content\/uploads\/teeth-1743981_960_720.jpg","height":0,"width":0},"url":"https:\/\/www.folitec.cz\/pekne-zuby\/","about":["Slu\u017eby"],"wordCount":451,"articleBody":"        Chod\u00edte pravideln\u011b i na zubn\u00ed prohl\u00eddky? Pokud ano, tak d\u011bl\u00e1te samoz\u0159ejm\u011b dob\u0159e. J\u00e1 si vzpom\u00edn\u00e1m, jak jsem na to jednu dobu ka\u0161lala. A je\u0161t\u011b p\u0159ed n\u011bkolika lety jsem nebyla u zuba\u0159e \u0161est let. A to z toho d\u016fvodu, \u017ee se zuba\u0159\u016f absolutn\u011b hodn\u011b boj\u00edm. V\u016fbec nech\u00e1pu, jak tam n\u011bkdo m\u016f\u017ee chodit dobrovoln\u011b a r\u00e1d. A tak jsem si \u0159ekla, \u017ee kdy\u017e m\u011b nebol\u00ed zuby, tak samoz\u0159ejm\u011b taky nepot\u0159ebuji j\u00edt k \u017e\u00e1dn\u00e9mu zuba\u0159i. Co bych tam d\u011blala, kdy\u017e m\u011b nic nebol\u00ed? \u0158ekla jsem si, \u017ee a\u017e to p\u0159ijde, tak p\u016fjdu prost\u011b k zuba\u0159i na pohotovost. Jenom\u017ee pak se stalo n\u011bco, \u010demu\u017e jsem nemohla uv\u011b\u0159it. Za\u010daly m\u011b bolet zuby a d\u00e1sn\u011b. A kdy\u017e jsem se d\u00edvala do zrcadla, m\u011bla jsem tam opravdu hodn\u011b zubn\u00edho kamene. V\u011bd\u011bla jsem o n\u011bm, ale nev\u011bd\u011bla jsem, \u017ee je tak moc nebezpe\u010dn\u00fd. A opravdu m\u011b stra\u0161n\u011b tla\u010dily zuby. proto\u017ee mezi zubn\u00edmi prostory jsem m\u011bla zubn\u00ed k\u00e1men a musel se n\u011bjak odstranit.A tak jsem si \u0159ekla, \u017ee budu muset j\u00edt k zuba\u0159i. A objednala jsem se do zubn\u00ed ordinace v Praze. pr\u00e1v\u011b na tuto zubn\u00ed ordinaci v Praze jsem dostala kontakt od m\u00e9 sestry, kter\u00e1 tam chod\u00ed pravideln\u011b, a to dvakr\u00e1t za rok. Chod\u00ed tam nejenom na prohl\u00eddky, ale taky na dent\u00e1ln\u00ed hygienu. Mus\u00edm se p\u0159iznat, \u017ee moje sestra m\u00e1 opravdu kr\u00e1sn\u00e9 zuby, kter\u00e9 by j\u00ed mohl kdekdo z\u00e1vid\u011bt. https:\/\/www.heureka.cz\/%3Fh%5Bfraze%5D%3DNen%25C3%25AD%2Bco%2Bz%25C3%25A1vid%25C4%259Bt%2B-%2BOby%25C4%258Dejn%25C3%25A9%2B%25C5%25BEivoty%2Bv%2BSevern%25C3%25AD%2BKoreji  Abych se p\u0159iznala, zubn\u00ed ordinace v Praze jsem se taky b\u00e1la, ov\u0161em ale zbyte\u010dn\u011b. Kdy\u017e m\u011b pan\u00ed zuba\u0159ka d\u011blala dent\u00e1ln\u00ed hygienu a prohl\u00ed\u017eela celkov\u011b zuby, byla jsem r\u00e1da, \u017ee jsem tam \u0161la, proto\u017ee v\u0161echno bylo v po\u0159\u00e1dku. Skv\u011ble mi odstranila zubn\u00ed k\u00e1men. Sice m\u011b to odstra\u0148ov\u00e1n\u00ed kamene dost bolelo, ale jsem r\u00e1da, \u017ee to m\u00e1m za sebou. Nyn\u00ed m\u00e1m taky odst\u00edn b\u011blej\u0161\u00ed zuby a nemohu si na zubn\u00ed ordinaci v Praze st\u011b\u017eovat. Sp\u00ed\u0161e ji chv\u00e1l\u00edm za profesion\u00e1ln\u00ed a individu\u00e1ln\u00ed p\u0159\u00edstup ke klient\u016fm a jsem r\u00e1da, \u017ee m\u00e1m zuby v po\u0159\u00e1dku. A pokud jste z Prahy, tak doporu\u010duji kvalitn\u00ed zubn\u00ed pra\u017eskou ordinaci.                                                                                                                                                                                                                                                                                                                                                                                           3.3\/5 - (6 votes)        "},{"@context":"https:\/\/schema.org\/","@type":"BreadcrumbList","itemListElement":[{"@type":"ListItem","position":1,"name":"P\u011bkn\u00e9 zuby","item":"https:\/\/www.folitec.cz\/pekne-zuby\/#breadcrumbitem"}]}]