[{"@context":"https:\/\/schema.org\/","@type":"Article","@id":"https:\/\/www.folitec.cz\/organizace-kongresu-ci-konference\/#Article","mainEntityOfPage":"https:\/\/www.folitec.cz\/organizace-kongresu-ci-konference\/","headline":"Organizace kongresu \u010di konference","name":"Organizace kongresu \u010di konference","description":"Zorganizovat kongres nebo konferenci je velmi n\u00e1ro\u010dn\u00e9 a to po<span class=\"more-dots\"><a href=\"https:\/\/www.folitec.cz\/organizace-kongresu-ci-konference\/\">[ ... ]<\/span><\/a>","datePublished":"2018-08-23","dateModified":"2023-04-29","author":{"@type":"Person","@id":"https:\/\/www.folitec.cz\/author\/#Person","name":"","url":"https:\/\/www.folitec.cz\/author\/","identifier":1,"image":{"@type":"ImageObject","@id":"https:\/\/secure.gravatar.com\/avatar\/d81a95b988e562d8ac0fc1eb5578e43f924bf78e85c5259f0dcab44a306610fa?s=96&d=mm&r=g","url":"https:\/\/secure.gravatar.com\/avatar\/d81a95b988e562d8ac0fc1eb5578e43f924bf78e85c5259f0dcab44a306610fa?s=96&d=mm&r=g","height":96,"width":96}},"publisher":{"@type":"Organization","name":"folitec.cz","logo":{"@type":"ImageObject","@id":"\/logo.png","url":"\/logo.png","width":600,"height":60}},"image":{"@type":"ImageObject","@id":"https:\/\/www.folitec.cz\/wp-content\/uploads\/img_a323482_w2298_t1535137663.jpg","url":"https:\/\/www.folitec.cz\/wp-content\/uploads\/img_a323482_w2298_t1535137663.jpg","height":0,"width":0},"url":"https:\/\/www.folitec.cz\/organizace-kongresu-ci-konference\/","wordCount":405,"articleBody":"Zorganizovat kongres nebo konferenci je velmi n\u00e1ro\u010dn\u00e9 a to po v\u0161ech str\u00e1nk\u00e1ch . Organizov\u00e1n\u00ed n\u011b\u010deho takov\u00e9ho je nutn\u00e9 pl\u00e1novat ji\u017e v p\u0159edstihu. Je toho toti\u017e opravdu mnoho, co je pot\u0159eba zajistit. Je d\u016fle\u017eit\u00e9 u\u017e na sam\u00e9m za\u010d\u00e1tku po\u010d\u00edtat s t\u00edm, \u017ee se jedn\u00e1 o velmi n\u00e1kladnou z\u00e1le\u017eitost. N\u011bkdy m\u016f\u017ee b\u00fdt hrazen z dotac\u00ed a jindy si jej zase hrad\u00ed samotn\u00ed \u00fa\u010dastn\u00edci. Organiz\u00e1tor\u016fm hodn\u011b z\u00e1le\u017e\u00ed na tom, aby byl samotn\u00fd kongres nebo konference efektivn\u00ed a proto je v\u0161e tak n\u00e1kladn\u00e9. C\u00edlem je, aby n\u011bco takov\u00e9ho p\u0159ineslo nov\u00e9 poznatky v\u0161em z\u00fa\u010dastn\u011bn\u00fdm a aby to pro n\u011b bylo n\u011bco nezapomenuteln\u00e9ho. Je tedy d\u016fle\u017eit\u00e9 pozvat opravdu kvalitn\u00ed hosty, co\u017e nen\u00ed mnohdy jednoduchou z\u00e1le\u017eitost\u00ed. Ani sestaven\u00ed programu nen\u00ed nic jednoduch\u00e9ho. Nem\u00e9n\u011b n\u00e1ro\u010dn\u00e9 jsou na tom v\u0161em praktick\u00e9 z\u00e1le\u017eitosti. Mezi n\u011b bychom mohli za\u0159adit nap\u0159\u00edklad to, kde se dan\u00fd kongres bude konat. Mnohdy je ale slo\u017eit\u00e9 naj\u00edt vhodn\u00e9 m\u00edsto, aby to n\u011bkte\u0159\u00ed nem\u011bli p\u0159\u00edli\u0161 daleko a jin\u00ed zase p\u0159\u00edli\u0161 bl\u00edzko. Je samoz\u0159ejm\u011b mo\u017en\u00e9 takovou situaci vy\u0159e\u0161it takov\u00fdm mal\u00fdm kompromisem, kter\u00fd bude p\u0159ijateln\u00fd pro v\u0161echny, kte\u0159\u00ed se takov\u00e9 ud\u00e1losti z\u00fa\u010dastn\u00ed. Ty nejide\u00e1ln\u011bj\u0161\u00ed kongresov\u00e1 m\u00edsta se nach\u00e1z\u00ed na Vyso\u010din\u011b. Nav\u00edc je dostupn\u00e1 pro v\u0161echny. Nejlep\u0161\u00ed konference jsou ty, kter\u00e9 se nach\u00e1z\u00ed na malebn\u00e9m m\u00edst\u011b, kter\u00e9 krom\u011b toho, \u017ee je snadno dostupn\u00e9, jsou tak\u00e9 n\u011b\u010d\u00edm kouzeln\u00e9. Snad ka\u017ed\u00fd z n\u00e1s m\u00e1 r\u00e1d p\u0159\u00edrodn\u00ed kr\u00e1sy, kter\u00fdch zde najdete mnoho. Je ur\u010dit\u011b d\u016fle\u017eit\u00e9, aby v\u00e1mi vybran\u00e9 m\u00edsto m\u011blo dosta\u010duj\u00edc\u00ed kapacitu a pr\u00e1v\u011b t\u00edm m\u00edstem, kter\u00e9 v\u0161echny tyto po\u017eadavky spl\u0148uje je Vyso\u010dina. I samotn\u00fd pan prezident na\u0161\u00ed republiky m\u00e1 k tomuto m\u00edstu hlubok\u00fd vztah. Nen\u00ed se tak\u00e9 \u010demu divit, jeliko\u017e je opravdu \u00fa\u017easn\u00e9. Pokud u\u017e nyn\u00ed v\u00edte, \u017ee v\u00fdhledov\u011b za\u010dnete pl\u00e1novat n\u011bjakou tu konferenci \u010di kongres, m\u011bli byste vz\u00edt do \u00favahy tuto lokalitu. V\u011b\u0159te, \u017ee budete v\u00edc ne\u017e spokojeni, pokud si ji zvol\u00edte.                                                                                                                                                                                                                                                                                                                                                                                        4\/5 - (6 votes)        "},{"@context":"https:\/\/schema.org\/","@type":"BreadcrumbList","itemListElement":[{"@type":"ListItem","position":1,"name":"Organizace kongresu \u010di konference","item":"https:\/\/www.folitec.cz\/organizace-kongresu-ci-konference\/#breadcrumbitem"}]}]