[{"@context":"https:\/\/schema.org\/","@type":"Article","@id":"https:\/\/www.folitec.cz\/nechte-se-omladit-laserem\/#Article","mainEntityOfPage":"https:\/\/www.folitec.cz\/nechte-se-omladit-laserem\/","headline":"Nechte se omladit laserem","name":"Nechte se omladit laserem","description":"Pokud v\u00e1s tr\u00e1p\u00ed vr\u00e1sky, jizvy, roz\u0161\u00ed\u0159en\u00e9 p\u00f3ry nebo \u010derven\u00e9 \u017eilky,<span class=\"more-dots\"><a href=\"https:\/\/www.folitec.cz\/nechte-se-omladit-laserem\/\">[ ... ]<\/span><\/a>","datePublished":"2024-10-04","dateModified":"2024-10-04","author":{"@type":"Person","@id":"https:\/\/www.folitec.cz\/author\/#Person","name":"","url":"https:\/\/www.folitec.cz\/author\/","identifier":1,"image":{"@type":"ImageObject","@id":"https:\/\/secure.gravatar.com\/avatar\/d81a95b988e562d8ac0fc1eb5578e43f924bf78e85c5259f0dcab44a306610fa?s=96&d=mm&r=g","url":"https:\/\/secure.gravatar.com\/avatar\/d81a95b988e562d8ac0fc1eb5578e43f924bf78e85c5259f0dcab44a306610fa?s=96&d=mm&r=g","height":96,"width":96}},"publisher":{"@type":"Organization","name":"folitec.cz","logo":{"@type":"ImageObject","@id":"\/logo.png","url":"\/logo.png","width":600,"height":60}},"url":"https:\/\/www.folitec.cz\/nechte-se-omladit-laserem\/","wordCount":413,"articleBody":"Pokud v\u00e1s tr\u00e1p\u00ed vr\u00e1sky, jizvy, roz\u0161\u00ed\u0159en\u00e9 p\u00f3ry nebo \u010derven\u00e9 \u017eilky, sv\u011b\u0159te svou poko\u017eku laseru, kter\u00fd va\u0161e probl\u00e9my snadno vy\u0159e\u0161\u00ed. K tomu, aby dal va\u0161\u00ed tv\u00e1\u0159i mlad\u0161\u00ed a kr\u00e1sn\u011bj\u0161\u00ed vzhled bez jedin\u00e9 vady, mu posta\u010d\u00ed dvacet minut, a to t\u00e9m\u011b\u0159 bez bolesti. O\u0161et\u0159en\u00ed laserov\u00fdm paprskem pat\u0159\u00ed v estetick\u00e9 medic\u00edn\u011b k nejobl\u00edben\u011bj\u0161\u00edm. Dok\u00e1\u017ee si toti\u017e poradit s celou \u0159adou probl\u00e9m\u016f, kter\u00e9 tr\u00e1p\u00ed st\u00e1rnouc\u00ed ple\u0165. A nejde pouze o vr\u00e1sky, kter\u00e9 s rostouc\u00edm v\u011bkem na tv\u00e1\u0159i p\u0159ib\u00fdvaj\u00ed. Laser se dok\u00e1\u017ee poprat tak\u00e9 s pigmentov\u00fdmi skvrnami, roz\u0161\u00ed\u0159en\u00fdmi \u017eilkami, st\u00e1hne p\u00f3ry a vyhlad\u00ed ple\u0165. Dermatolog pak zvol\u00ed typ laseru podle toho, jak\u00e9 probl\u00e9my v\u00e1s zrovna tr\u00e1p\u00ed. O\u0161et\u0159en\u00ed nen\u00ed bolestiv\u00e9, v\u011bt\u0161inou je c\u00edtit jen lehk\u00e9 \u0161t\u00edp\u00e1n\u00ed nebo p\u00e1len\u00ed. Pokud by v\u00e1s ale z\u00e1krok bolel, m\u016f\u017eete si p\u0159edem domluvit pou\u017eit\u00ed anestetick\u00e9ho kr\u00e9mu, kter\u00fd lok\u00e1ln\u011b znecitliv\u00ed o\u0161et\u0159en\u00e1 m\u00edsta, a vy pak nebudete c\u00edtit v\u016fbec \u017e\u00e1dnou bolest. Laserov\u00fdm paprskem se \u0161etrn\u011b odstran\u00ed cel\u00e1 svrchn\u00ed vrstva poko\u017eky a povrch pleti se b\u011bhem n\u011bkolika n\u00e1sleduj\u00edc\u00edch dn\u00ed kompletn\u011b obnov\u00ed. Omlazen\u00ed trv\u00e1 maxim\u00e1ln\u011b dvacet minut, a o\u0161et\u0159it se d\u00e1 nejen tv\u00e1\u0159, ale i dekolt, krk i ruce. D\u00edky laseru zmiz\u00ed ve\u0161ker\u00e9 nedokonalosti, ple\u0165 je po p\u00e1r dnech vyhlazen\u00e1 a zpevn\u011bn\u00e1, na prvn\u00ed pohled mlad\u0161\u00ed. Po dobu n\u011bkolika dn\u00ed m\u016f\u017ee b\u00fdt o\u0161et\u0159en\u00e1 k\u016f\u017ee citliv\u00e1, za\u010dervenal\u00e1 nebo i otekl\u00e1. Proto je dobr\u00e9 ji o\u0161et\u0159ovat jemn\u00fdm kr\u00e9mem a maskovat make-upem. Do\u010dasn\u00e9 zarudnut\u00ed se v\u0161ak b\u011bhem n\u011bkolika dn\u016f samo ztrat\u00ed a vy pak budete moci bez obav vyj\u00edt ven. Tam si ale dejte pozor na slun\u00ed\u010dko, k\u016f\u017ei je nutn\u00e9 chr\u00e1nit p\u0159ed intenzivn\u00edmi slune\u010dn\u00edmi paprsky. Vhodn\u00e9 je pou\u017e\u00edvat opalovac\u00ed kr\u00e9my s vysok\u00fdm ochrann\u00fdm faktorem. Laserov\u00e9 o\u0161et\u0159en\u00ed se doporu\u010duje opakovat tak po t\u0159ech m\u011bs\u00edc\u00edch, aby se dos\u00e1hlo k\u00fd\u017een\u00e9ho v\u00fdsledku. Pokud chcete v\u00fdsledek laserov\u00e9 k\u00fary je\u0161t\u011b prodlou\u017eit, nechte se v n\u00e1sleduj\u00edc\u00edch letech laserem preventivn\u011b o\u0161et\u0159it zhruba jednou do roka.                                                                                                                                                                                                                                                                                                                                                                                         5\/5 - (2 votes)        "},{"@context":"https:\/\/schema.org\/","@type":"BreadcrumbList","itemListElement":[{"@type":"ListItem","position":1,"name":"Nechte se omladit laserem","item":"https:\/\/www.folitec.cz\/nechte-se-omladit-laserem\/#breadcrumbitem"}]}]