[{"@context":"https:\/\/schema.org\/","@type":"Article","@id":"https:\/\/www.folitec.cz\/cesti-doposud-nevymreli-cesti-umelci\/#Article","mainEntityOfPage":"https:\/\/www.folitec.cz\/cesti-doposud-nevymreli-cesti-umelci\/","headline":"\u010ce\u0161t\u00ed doposud nevym\u0159el\u00ed \u010de\u0161t\u00ed um\u011blci","name":"\u010ce\u0161t\u00ed doposud nevym\u0159el\u00ed \u010de\u0161t\u00ed um\u011blci","description":"M\u00e1lokdo by dok\u00e1zal jmenovat \u010desk\u00e9ho autora a n\u011bjak\u00e9 jeho d\u00edlo.<span class=\"more-dots\"><a href=\"https:\/\/www.folitec.cz\/cesti-doposud-nevymreli-cesti-umelci\/\">[ ... ]<\/span><\/a>","datePublished":"2025-02-28","dateModified":"2023-04-29","author":{"@type":"Person","@id":"https:\/\/www.folitec.cz\/author\/#Person","name":"","url":"https:\/\/www.folitec.cz\/author\/","identifier":1,"image":{"@type":"ImageObject","@id":"https:\/\/secure.gravatar.com\/avatar\/d81a95b988e562d8ac0fc1eb5578e43f924bf78e85c5259f0dcab44a306610fa?s=96&d=mm&r=g","url":"https:\/\/secure.gravatar.com\/avatar\/d81a95b988e562d8ac0fc1eb5578e43f924bf78e85c5259f0dcab44a306610fa?s=96&d=mm&r=g","height":96,"width":96}},"publisher":{"@type":"Organization","name":"folitec.cz","logo":{"@type":"ImageObject","@id":"\/logo.png","url":"\/logo.png","width":600,"height":60}},"image":{"@type":"ImageObject","@id":"https:\/\/www.folitec.cz\/wp-content\/uploads\/img_a293104_w2298_t1505422527.jpg","url":"https:\/\/www.folitec.cz\/wp-content\/uploads\/img_a293104_w2298_t1505422527.jpg","height":0,"width":0},"url":"https:\/\/www.folitec.cz\/cesti-doposud-nevymreli-cesti-umelci\/","wordCount":532,"articleBody":"M\u00e1lokdo by dok\u00e1zal jmenovat \u010desk\u00e9ho autora a n\u011bjak\u00e9 jeho d\u00edlo. Nen\u00ed d\u016fvod se divit. Bu\u010f jsou moc mlad\u00ed a zat\u00edm se prob\u00edj\u00ed do sv\u011bta, nebo jsou slavn\u00ed a p\u016fsob\u00ed v\u00a0zahrani\u010d\u00ed. \u017de by \u010desk\u00e9 publikum nedok\u00e1zalo tyto um\u011blce ocenit? Nemysl\u00edm si. Pokud jde o tu star\u0161\u00ed generaci, v\u00a0obdob\u00ed komunismu \u201esi vystrkovat r\u016f\u017eky\u201c nikdo moc nemohl. V\u011bt\u0161ina z\u00a0nich musela emigrovat do zahrani\u010d\u00ed. M\u00e1m tu ale p\u00e1r \u010desk\u00fdch um\u011blc\u016f, kte\u0159\u00ed by st\u00e1li za pov\u0161imnut\u00ed.\tMagdal\u00e9na Jetelov\u00e1 (*4. \u010dervna\u00a01946)Sv\u011btov\u011b uzn\u00e1van\u00e1 socha\u0159ka, mal\u00ed\u0159ka, fotografka. Prosadila se nejprve v zahrani\u010d\u00ed, a a\u017e po n\u011bkolika letech a p\u00e1du komunismu se \u201euk\u00e1zala\u201c v rodn\u00e9 zemi.Jeden z nejzn\u00e1m\u011bj\u0161\u00edch projekt\u016f, kter\u00fd byl mimo jin\u00e9 realizov\u00e1n v n\u011bkolika zem\u00edch Evropy, se stal Domestikace pyramid. Nejzn\u00e1m\u011bj\u0161\u00ed \u010d\u00e1st pyramidy je v Um\u011bleckopr\u016fmyslov\u00e9m muzeu ve V\u00eddni. Jde o st\u0159et n\u011bkolika kultur, kde ohniv\u011b oran\u017eov\u00e9 l\u00e1vov\u00e9 kameny zavalily i z \u010d\u00e1sti antick\u00e9 sochy.V Praze u b\u0159ehu Vltavy stoj\u00ed d\u0159ev\u011bn\u00e1 \u017didle. D\u0159\u00edve, b\u011bhem z\u00e1plav \u017didle p\u016fsobila dojmem, \u017ee plave.\u00a0Atlantick\u00fd val \u2013 jde o u\u017eit\u00ed laserov\u00fdch paprsk\u016f, kter\u00e9 tvo\u0159\u00ed n\u00e1pisy na balvanech v Jutsku (D\u00e1nsko).\u00a0\u201eAbsolute war becomes theatrality\u201c (absolutn\u00ed v\u00e1lka za\u010d\u00edn\u00e1 teatr\u00e1ln\u011b). Komu ani p\u0159eklad nic ne\u0159\u00edk\u00e1, tak pochopiteln\u011bji bych tu my\u0161lenku vysv\u011btlila takto: \u00a0Velk\u00e9 v\u00e1lky za\u010d\u00ednaj\u00ed komicky. Voj\u00e1ci se t\u011b\u0161\u00ed, \u017ee vyhraj\u00ed a budou op\u011bvov\u00e1ni jako hrdinov\u00e9. Nen\u00ed tomu tak. Autorka ty slova (vzat\u00e1 od filozofa Paula Virilia) \u201enas\u00e1zela\u201cdo od kulek prod\u011brav\u011bn\u00e9 star\u00e9 z\u0159\u00edceniny p\u0159ipom\u00ednaj\u00edc\u00ed jevi\u0161t\u011b. Poukazuje na nesmyslnost v\u00e1lek.\tIvan Kafka(*1952)P\u0159it\u00e1hnout pozornost \u2013 tohle by \u0159ekl snad ka\u017ed\u00fd o jeho d\u00edlech. \u010clov\u011bk se pozastav\u00ed a zkoum\u00e1 jeho d\u00edla.T\u0159eba krychle, do kter\u00fdch uzav\u00edral stromy, konfrontoval pr\u00e1zdnost a plnost. Byl t\u00edm okouzlen, jak s\u00e1m \u0159\u00edk\u00e1.\u00a0Ale co cht\u011bl \u0159\u00edct t\u00edm, \u017ee desetitis\u00edce \u0161pejli\u010dek nap\u00edchal na podlahu na J\u00e1nsk\u00e9m Dvorci, nebo co vedlo k tomu polo\u017eit 2 000 dopravn\u00edch ku\u017eel\u016fna Isartor Platz v\u00a0Mnichov\u011b a co t\u011bch 1059 b\u00edl\u00fdch, \u010derven\u00fdch, \u017elut\u00fdch a modr\u00fdch plastov\u00fdch pytl\u00edk\u016f, napln\u011bn\u00fdch autorsk\u00fdm dechem le\u017e\u00edc\u00ed v\u00a0b\u00edle m\u00edstnosti? L\u00edbilo by se v\u00e1m j\u00edt lesem a narazit na barevn\u00fd lesn\u00ed koberec z\u00a0list\u00ed? Spaden\u00e9 list\u00ed ze strom\u016f poskl\u00e1dan\u00e9 podle barev muselo d\u00e1t hodn\u011b pr\u00e1ce. Um\u011blci mus\u00ed b\u00fdt hold trp\u011bliv\u00ed.Skute\u010dnost + senjsou kameny postaven\u00e9 do pyramidy. Pyramida v\u0161ak nem\u00e1 \u201evlastn\u00ed \u0161pi\u010dku\u201c \u0160pi\u010dku tvo\u0159\u00ed v\u00a0pozad\u00ed nedalek\u00e1 hora, symbol vzd\u00e1len\u00e9ho snu.Podobn\u011b je na tom Sedm kamenn\u00fdch hromad. Jde o sedm hromad kamen\u016f, za\u010d\u00ednaj\u00edc\u00edch od b\u00edl\u00e9, p\u0159es odst\u00edny hn\u011bd\u00e9 a\u017e po \u010dernou. Jedin\u00e1 \u010dern\u00e1 hromada m\u00e1 \u0161pi\u010dku. Dok\u00e1zali byste odhadnout pro\u010d?                                                                                                                                                                                                                                                                                                                                                                                        4.6\/5 - (5 votes)        "},{"@context":"https:\/\/schema.org\/","@type":"BreadcrumbList","itemListElement":[{"@type":"ListItem","position":1,"name":"\u010ce\u0161t\u00ed doposud nevym\u0159el\u00ed \u010de\u0161t\u00ed um\u011blci","item":"https:\/\/www.folitec.cz\/cesti-doposud-nevymreli-cesti-umelci\/#breadcrumbitem"}]}]